{"id":1081,"date":"2026-09-03T15:48:17","date_gmt":"2026-09-03T13:48:17","guid":{"rendered":"https:\/\/prilagodba.ffzg.unizg.hr\/?p=1081"},"modified":"2026-09-03T15:48:17","modified_gmt":"2026-09-03T13:48:17","slug":"zet-prilagodeni-prijevoz-za-studente-s-invaliditetom","status":"publish","type":"post","link":"https:\/\/prilagodba.ffzg.unizg.hr\/?p=1081","title":{"rendered":"ZET \u2013 Prilago\u0111eni prijevoz za studente s invaliditetom"},"content":{"rendered":"\n<p>Studenti Sveu\u010dili\u0161ta u Zagrebu s invaliditetom mogu ostvariti pravo na kori\u0161tenje organiziranog prijevoza posebno prilago\u0111enim kombi vozilom ZET-a.<\/p>\n\n\n\n<p>Uvjeti i na\u010din kori\u0161tenja usluge ure\u0111eni su Pravilnikom o prijevozu osoba s invaliditetom i djece s te\u0161ko\u0107ama u razvoju (Zagreba\u010dki elektri\u010dni tramvaj, 2024).<\/p>\n\n\n\n<p><strong>Tko mo\u017ee ostvariti pravo na prilago\u0111eni prijevoz?<\/strong><\/p>\n\n\n\n<p>Pravo na kori\u0161tenje prilago\u0111enog prijevoza imaju osobe s invaliditetom koje:<\/p>\n\n\n\n<p>\u00b7 se kre\u0107u pomo\u0107u invalidskih kolica i<\/p>\n\n\n\n<p>\u00b7 imaju prebivali\u0161te na podru\u010dju Grada Zagreba.<\/p>\n\n\n\n<p>Pravo na prijevoz odnosi se i na pratitelja osobe s invaliditetom.<\/p>\n\n\n\n<p><strong>Kako podnijeti zahtjev?<\/strong><\/p>\n\n\n\n<p>Studenti koji ispunjavaju navedene uvjete i \u017eele koristiti uslugu prilago\u0111enog prijevoza trebaju se javiti Uredu za studente s invaliditetom Sveu\u010dili\u0161ta u Zagrebu putem e-maila: <a href=\"mailto:uredssi@unizg.hr\">uredssi@unizg.hr<\/a>.<\/p>\n\n\n\n<p>Ured studentima daje informacije o potrebnoj dokumentaciji te zaprima i proslje\u0111uje dokumentaciju nadle\u017enom Gradskom uredu za socijalnu za\u0161titu, zdravstvo, branitelje i osobe s invaliditetom.<\/p>\n\n\n\n<p>Nadle\u017eni Gradski ured, nakon obrade zahtjeva, ZET-u podnosi preporuku za odobravanje usluge.<\/p>\n","protected":false},"excerpt":{"rendered":"<p>Studenti Sveu\u010dili\u0161ta u Zagrebu s invaliditetom mogu ostvariti pravo na kori\u0161tenje organiziranog prijevoza posebno prilago\u0111enim kombi vozilom ZET-a. Uvjeti i na\u010din kori\u0161tenja usluge ure\u0111eni su Pravilnikom o prijevozu osoba s invaliditetom i djece s te\u0161ko\u0107ama u razvoju (Zagreba\u010dki elektri\u010dni tramvaj, 2024). Tko mo\u017ee ostvariti pravo na prilago\u0111eni prijevoz? Pravo na kori\u0161tenje prilago\u0111enog prijevoza imaju osobe [&hellip;]<\/p>\n","protected":false},"author":101011,"featured_media":0,"comment_status":"closed","ping_status":"closed","sticky":false,"template":"","format":"standard","meta":{"saved_in_kubio":false,"footnotes":""},"categories":[1],"tags":[],"class_list":["post-1081","post","type-post","status-publish","format-standard","hentry","category-uncategorized"],"_links":{"self":[{"href":"https:\/\/prilagodba.ffzg.unizg.hr\/index.php?rest_route=\/wp\/v2\/posts\/1081","targetHints":{"allow":["GET"]}}],"collection":[{"href":"https:\/\/prilagodba.ffzg.unizg.hr\/index.php?rest_route=\/wp\/v2\/posts"}],"about":[{"href":"https:\/\/prilagodba.ffzg.unizg.hr\/index.php?rest_route=\/wp\/v2\/types\/post"}],"author":[{"embeddable":true,"href":"https:\/\/prilagodba.ffzg.unizg.hr\/index.php?rest_route=\/wp\/v2\/users\/101011"}],"replies":[{"embeddable":true,"href":"https:\/\/prilagodba.ffzg.unizg.hr\/index.php?rest_route=%2Fwp%2Fv2%2Fcomments&post=1081"}],"version-history":[{"count":1,"href":"https:\/\/prilagodba.ffzg.unizg.hr\/index.php?rest_route=\/wp\/v2\/posts\/1081\/revisions"}],"predecessor-version":[{"id":1082,"href":"https:\/\/prilagodba.ffzg.unizg.hr\/index.php?rest_route=\/wp\/v2\/posts\/1081\/revisions\/1082"}],"wp:attachment":[{"href":"https:\/\/prilagodba.ffzg.unizg.hr\/index.php?rest_route=%2Fwp%2Fv2%2Fmedia&parent=1081"}],"wp:term":[{"taxonomy":"category","embeddable":true,"href":"https:\/\/prilagodba.ffzg.unizg.hr\/index.php?rest_route=%2Fwp%2Fv2%2Fcategories&post=1081"},{"taxonomy":"post_tag","embeddable":true,"href":"https:\/\/prilagodba.ffzg.unizg.hr\/index.php?rest_route=%2Fwp%2Fv2%2Ftags&post=1081"}],"curies":[{"name":"wp","href":"https:\/\/api.w.org\/{rel}","templated":true}]}}