{"id":1039,"date":"2026-04-20T15:25:35","date_gmt":"2026-04-20T13:25:35","guid":{"rendered":"https:\/\/prilagodba.ffzg.unizg.hr\/?p=1039"},"modified":"2026-04-21T09:58:12","modified_gmt":"2026-04-21T07:58:12","slug":"strucni-skup-inkluzija-i-razlicitost-osnazivanje-akademske-zajednice-28-i-29-5-2026","status":"publish","type":"post","link":"https:\/\/prilagodba.ffzg.unizg.hr\/?p=1039","title":{"rendered":"Stru\u010dni skup \u201eInkluzija i razli\u010ditost: osna\u017eivanje akademske zajednice\u201c &#8211; 28. i 29.5.2026."},"content":{"rendered":"\n<p> Zadovoljstvo nam je najaviti<strong>&nbsp;stru\u010dni skup \u201eInkluzija i razli\u010ditost: osna\u017eivanje akademske zajednice\u201c<\/strong>, koji \u0107e se odr\u017eati u&nbsp;<strong>\u010detvrtak 28. svibnja 2026.&nbsp;<\/strong>na Sveu\u010dili\u0161tu u Zagrebu (Radoslava Cimermana 88) i&nbsp;<strong>petak 29. svibnja 2026.<\/strong>&nbsp;na Filozofskome fakultetu Sveu\u010dili\u0161ta u Zagrebu (Ivana Lu\u010di\u0107a 3).<\/p>\n\n\n\n<p>Skup organizira Sveu\u010dili\u0161te u Zagrebu (Povjerenik za inkluziju te sveu\u010dili\u0161ni uredi za studente, studente s invaliditetom i za\u0161titu zdravlja studenata) u suradnji s Filozofskim fakultetom Sveu\u010dili\u0161ta u Zagrebu (Odjel za akademsku prilagodbu), a namijenjen je prodekanima za nastavu i studente, koordinatorima za studente s invaliditetom, nastavnicima, stru\u010dnim i administrativnim djelatnicima te studentskim predstavnicima.<\/p>\n\n\n\n<p><strong>Cilj skupa<\/strong>&nbsp;je okupiti klju\u010dne dionike u sustavu visokog obrazovanja radi zajedni\u010dkog oblikovanja konkretnih, odr\u017eivih i osna\u017euju\u0107ih pristupa podr\u0161ci studentima, s posebnim naglaskom na inkluziju i uva\u017eavanje razli\u010ditosti kao temeljnih vrijednosti akademske zajednice.<\/p>\n\n\n\n<p>Sudjelovanjem na skupu imat \u0107ete priliku:<\/p>\n\n\n\n<ul class=\"wp-block-list\">\n<li>razmijeniti znanja, iskustva i primjere dobre prakse<\/li>\n\n\n\n<li>unaprijediti vlastite kompetencije za razvoj i provedbu inkluzivnih politika i praksi<\/li>\n\n\n\n<li>doprinijeti ja\u010danju me\u0111uinstitucionalne i interdisciplinarne suradnje<\/li>\n\n\n\n<li>sudjelovati u dijalogu o va\u017enosti inkluzivne kulture u visokom obrazovanju<\/li>\n\n\n\n<li>pridonijeti oblikovanju smjernica i preporuka za unapre\u0111enje inkluzivnih praksi<\/li>\n<\/ul>\n\n\n\n<p>U svrhu predstavljanja uspje\u0161nih primjera i u\u010dinkovitih modela rada u privitku dostavljamo\u00a0<strong><em><a href=\"https:\/\/ffzghr-my.sharepoint.com\/:b:\/g\/personal\/msimunec_m_ffzg_hr\/IQCcONas4vikQ6JtfBVFJiEjAfIL-GNVVjqKFjr4oYWgXvs?e=duzs5k\" data-type=\"link\" data-id=\"https:\/\/ffzghr-my.sharepoint.com\/:b:\/g\/personal\/msimunec_m_ffzg_hr\/IQCcONas4vikQ6JtfBVFJiEjAfIL-GNVVjqKFjr4oYWgXvs?e=duzs5k\">Poziv za prijavu poster prezentacija<\/a><\/em><\/strong>\u00a0o aktivnostima vezanima uz razvoj i primjenu inkluzivnih praksi. Informacije i upute o na\u010dinu prijave dostupne su u pozivu, a rok za predaju sa\u017eetka je\u00a0<strong>24. travnja 2026.<\/strong><\/p>\n\n\n\n<p>Program skupa, kao i prijavni obrazac, bit \u0107e dostavljeni naknadno.<\/p>\n","protected":false},"excerpt":{"rendered":"<p>Zadovoljstvo nam je najaviti&nbsp;stru\u010dni skup \u201eInkluzija i razli\u010ditost: osna\u017eivanje akademske zajednice\u201c, koji \u0107e se odr\u017eati u&nbsp;\u010detvrtak 28. svibnja 2026.&nbsp;na Sveu\u010dili\u0161tu u Zagrebu (Radoslava Cimermana 88) i&nbsp;petak 29. svibnja 2026.&nbsp;na Filozofskome fakultetu Sveu\u010dili\u0161ta u Zagrebu (Ivana Lu\u010di\u0107a 3). Skup organizira Sveu\u010dili\u0161te u Zagrebu (Povjerenik za inkluziju te sveu\u010dili\u0161ni uredi za studente, studente s invaliditetom i za\u0161titu [&hellip;]<\/p>\n","protected":false},"author":101011,"featured_media":0,"comment_status":"closed","ping_status":"closed","sticky":false,"template":"","format":"standard","meta":{"saved_in_kubio":false,"footnotes":""},"categories":[1],"tags":[],"class_list":["post-1039","post","type-post","status-publish","format-standard","hentry","category-uncategorized"],"_links":{"self":[{"href":"https:\/\/prilagodba.ffzg.unizg.hr\/index.php?rest_route=\/wp\/v2\/posts\/1039","targetHints":{"allow":["GET"]}}],"collection":[{"href":"https:\/\/prilagodba.ffzg.unizg.hr\/index.php?rest_route=\/wp\/v2\/posts"}],"about":[{"href":"https:\/\/prilagodba.ffzg.unizg.hr\/index.php?rest_route=\/wp\/v2\/types\/post"}],"author":[{"embeddable":true,"href":"https:\/\/prilagodba.ffzg.unizg.hr\/index.php?rest_route=\/wp\/v2\/users\/101011"}],"replies":[{"embeddable":true,"href":"https:\/\/prilagodba.ffzg.unizg.hr\/index.php?rest_route=%2Fwp%2Fv2%2Fcomments&post=1039"}],"version-history":[{"count":2,"href":"https:\/\/prilagodba.ffzg.unizg.hr\/index.php?rest_route=\/wp\/v2\/posts\/1039\/revisions"}],"predecessor-version":[{"id":1041,"href":"https:\/\/prilagodba.ffzg.unizg.hr\/index.php?rest_route=\/wp\/v2\/posts\/1039\/revisions\/1041"}],"wp:attachment":[{"href":"https:\/\/prilagodba.ffzg.unizg.hr\/index.php?rest_route=%2Fwp%2Fv2%2Fmedia&parent=1039"}],"wp:term":[{"taxonomy":"category","embeddable":true,"href":"https:\/\/prilagodba.ffzg.unizg.hr\/index.php?rest_route=%2Fwp%2Fv2%2Fcategories&post=1039"},{"taxonomy":"post_tag","embeddable":true,"href":"https:\/\/prilagodba.ffzg.unizg.hr\/index.php?rest_route=%2Fwp%2Fv2%2Ftags&post=1039"}],"curies":[{"name":"wp","href":"https:\/\/api.w.org\/{rel}","templated":true}]}}