{"id":1033,"date":"2026-04-20T13:57:43","date_gmt":"2026-04-20T11:57:43","guid":{"rendered":"https:\/\/prilagodba.ffzg.unizg.hr\/?p=1033"},"modified":"2026-04-20T14:00:32","modified_gmt":"2026-04-20T12:00:32","slug":"grupa-podrske-za-studente-s-invaliditetom-pauza-u-sestici","status":"publish","type":"post","link":"https:\/\/prilagodba.ffzg.unizg.hr\/?p=1033","title":{"rendered":"Grupa podr\u0161ke za studente s invaliditetom &#8211; Pauza u \u0161estici"},"content":{"rendered":"\n<p>Dragi studenti, pozivamo Vas u grupu podr\u0161ke za studente s invaliditetom. Grupa \u0107e biti usmjerena na kombinaciju\u00a0<strong>podr\u0161ke i konkretnih alata<\/strong>, s naglaskom na:<\/p>\n\n\n\n<ul class=\"wp-block-list\">\n<li>osje\u0107aj preplavljenosti obvezama i kako ga smanjiti<\/li>\n\n\n\n<li>pote\u0161ko\u0107e sa zapo\u010dinjanjem i organizacijom u\u010denja<\/li>\n\n\n\n<li>prokrastinacija i perfekcionizam<\/li>\n\n\n\n<li>anksioznost vezana uz ispite, izlaganja i studiranje op\u0107enito<\/li>\n\n\n\n<li>povezivanje i razmjenu iskustava s drugim studentima<\/li>\n<\/ul>\n\n\n\n<p>Susreti \u0107e imati strukturiran, ali dovoljno fleksibilan format, uz kratke uvode, prakti\u010dne vje\u017ebe i prostor za dijeljenje iskustava.<\/p>\n\n\n\n<p><strong>Prijaviti se mo\u017eete putem obrasca na adresi\u00a0<\/strong><a href=\"http:\/\/forms.cloud.microsoft\/e\/rjchtm3Jhp\" target=\"_blank\" rel=\"noreferrer noopener\"><strong>forms.cloud.microsoft\/e\/rjchtm3Jhp<\/strong><\/a><br><\/p>\n\n\n\n<p>Grupa \u0107e zapo\u010deti u tjednu\u00a0<strong><u>od 27. travnja<\/u><\/strong> a susreti \u0107e se odr\u017eavati u sobi A006 (Odjel za akademsku prilagodbu).<\/p>\n\n\n\n<p><\/p>\n\n\n\n<p><\/p>\n","protected":false},"excerpt":{"rendered":"<p>Dragi studenti, pozivamo Vas u grupu podr\u0161ke za studente s invaliditetom. Grupa \u0107e biti usmjerena na kombinaciju\u00a0podr\u0161ke i konkretnih alata, s naglaskom na: Susreti \u0107e imati strukturiran, ali dovoljno fleksibilan format, uz kratke uvode, prakti\u010dne vje\u017ebe i prostor za dijeljenje iskustava. Prijaviti se mo\u017eete putem obrasca na adresi\u00a0forms.cloud.microsoft\/e\/rjchtm3Jhp Grupa \u0107e zapo\u010deti u tjednu\u00a0od 27. travnja [&hellip;]<\/p>\n","protected":false},"author":101011,"featured_media":0,"comment_status":"closed","ping_status":"closed","sticky":false,"template":"","format":"standard","meta":{"saved_in_kubio":false,"footnotes":""},"categories":[1],"tags":[],"class_list":["post-1033","post","type-post","status-publish","format-standard","hentry","category-uncategorized"],"_links":{"self":[{"href":"https:\/\/prilagodba.ffzg.unizg.hr\/index.php?rest_route=\/wp\/v2\/posts\/1033","targetHints":{"allow":["GET"]}}],"collection":[{"href":"https:\/\/prilagodba.ffzg.unizg.hr\/index.php?rest_route=\/wp\/v2\/posts"}],"about":[{"href":"https:\/\/prilagodba.ffzg.unizg.hr\/index.php?rest_route=\/wp\/v2\/types\/post"}],"author":[{"embeddable":true,"href":"https:\/\/prilagodba.ffzg.unizg.hr\/index.php?rest_route=\/wp\/v2\/users\/101011"}],"replies":[{"embeddable":true,"href":"https:\/\/prilagodba.ffzg.unizg.hr\/index.php?rest_route=%2Fwp%2Fv2%2Fcomments&post=1033"}],"version-history":[{"count":5,"href":"https:\/\/prilagodba.ffzg.unizg.hr\/index.php?rest_route=\/wp\/v2\/posts\/1033\/revisions"}],"predecessor-version":[{"id":1038,"href":"https:\/\/prilagodba.ffzg.unizg.hr\/index.php?rest_route=\/wp\/v2\/posts\/1033\/revisions\/1038"}],"wp:attachment":[{"href":"https:\/\/prilagodba.ffzg.unizg.hr\/index.php?rest_route=%2Fwp%2Fv2%2Fmedia&parent=1033"}],"wp:term":[{"taxonomy":"category","embeddable":true,"href":"https:\/\/prilagodba.ffzg.unizg.hr\/index.php?rest_route=%2Fwp%2Fv2%2Fcategories&post=1033"},{"taxonomy":"post_tag","embeddable":true,"href":"https:\/\/prilagodba.ffzg.unizg.hr\/index.php?rest_route=%2Fwp%2Fv2%2Ftags&post=1033"}],"curies":[{"name":"wp","href":"https:\/\/api.w.org\/{rel}","templated":true}]}}